{"id":2771,"date":"2020-12-12T11:46:34","date_gmt":"2020-12-12T11:46:34","guid":{"rendered":"https:\/\/www.labarberina.it\/?p=2771"},"modified":"2021-01-30T11:41:48","modified_gmt":"2021-01-30T11:41:48","slug":"succo-di-mela","status":"publish","type":"post","link":"https:\/\/labarberina.it\/?p=2771","title":{"rendered":"succo di mela"},"content":{"rendered":"<p>La MELA \u00e8 da sempre considerata un frutto particolarmente PREZIOSO PER LA NOSTRA SALUTE\u2026<br \/>\u2026 e infatti il succo di mela svolge un\u2019azione benefica su diversi aspetti del nostro organismo. Di particolare importanza \u00e8 la funzione antinfiammatoria e protettiva delle pareti intestinali che rende questo preparato un eccellente coadiuvante nella digestione e nei casi di alcuni disturbi gastrointestinali, come per esempio la colite.<\/p>\n<p>La ricchezza di <a href=\"https:\/\/it.wikipedia.org\/wiki\/Antiossidante\">antiossidanti<\/a> e di polifenoli presente in un bicchiere di succo di mela contribuisce alla prevenzione di alcune patologie cardiovascolari e degenerative. Diverse ricerche scientifiche hanno dimostrato come i flavonoidi, in particolare, sono sostanze che agiscono sull\u2019invecchiamento cellulare, rallentandolo.<br \/>Alcuni studi hanno riportato inoltre che il succo di mela puro pu\u00f2 aiutare a migliorare stati quali ansia, depressione, stress e agitazione, dimostrandosi un efficace calmante e antidepressivo.<\/p>\n<p>Un altro importante vantaggio del succo \u00e8 dato dalle pectine, che aiutano a liberare il corpo dalle tossine, depurandolo e offrono benefici anche a polmoni e vie respiratorie.<\/p>\n<p>Il succo naturale e non filtrato, contiene anche molti sali minerali, tra i quali il boro, particolarmente prezioso per le ossa perch\u00e9 contribuisce all\u2019assimilazione del calcio. La presenza di sali minerali fa inoltre del succo di mela una buona bevanda elettrolitica naturale indicata per gli sportivi, che la possono consumare sia durante che dopo l\u2019attivit\u00e0 fisica, per reintegrare le sostanze perse con la sudorazione.<\/p>\n<p>Anche chi segue diete ipocaloriche pu\u00f2 trarre vantaggio da questa bevanda, se assunto in quantit\u00e0 controllate: non \u00e8 eccessivamente calorico e apporta sali diuretici. Secondo la saggezza popolare &#8220;una mela al giorno&#8230;toglie il medico di torno&#8221;. Sicuramente una alimentazione sana unita ed uno stile di vita adeguato possono contribuire a farci stare meglio.<\/p>\n<p>Le informazioni contenute in questo articolo sono a scopo divulgativo e non possono sostituire il consiglio di un medico<\/p>\n<h2>\u00a0<\/h2>\n\n<div class=\"woocommerce columns-4 \"><ul class=\"products columns-4\">\n<li class=\"product type-product post-467 status-publish first outofstock product_cat-sottoli product_cat-succhi product_tag-mela product_tag-succo has-post-thumbnail shipping-taxable purchasable product-type-simple\">\n\t<div class='inner_product main_color wrapped_style noLightbox  av-product-class-'><a href=\"https:\/\/labarberina.it\/?product=succo-di-mela-bag-in-box-3-litri\" class=\"woocommerce-LoopProduct-link woocommerce-loop-product__link\"><div class='thumbnail_container'><img loading=\"lazy\" decoding=\"async\" width=\"300\" height=\"300\" src=\"https:\/\/labarberina.it\/wp-content\/uploads\/2020\/12\/Bottega_E-Shop-ImmProd_MEla3lt-300x300.jpg\" class=\"wp-image-3091 avia-img-lazy-loading-3091 attachment-shop_catalog size-shop_catalog wp-post-image\" alt=\"\" srcset=\"https:\/\/labarberina.it\/wp-content\/uploads\/2020\/12\/Bottega_E-Shop-ImmProd_MEla3lt-300x300.jpg 300w, https:\/\/labarberina.it\/wp-content\/uploads\/2020\/12\/Bottega_E-Shop-ImmProd_MEla3lt-80x80.jpg 80w, https:\/\/labarberina.it\/wp-content\/uploads\/2020\/12\/Bottega_E-Shop-ImmProd_MEla3lt-36x36.jpg 36w, https:\/\/labarberina.it\/wp-content\/uploads\/2020\/12\/Bottega_E-Shop-ImmProd_MEla3lt-180x180.jpg 180w, https:\/\/labarberina.it\/wp-content\/uploads\/2020\/12\/Bottega_E-Shop-ImmProd_MEla3lt-100x100.jpg 100w, https:\/\/labarberina.it\/wp-content\/uploads\/2020\/12\/Bottega_E-Shop-ImmProd_MEla3lt.jpg 567w\" sizes=\"auto, (max-width: 300px) 100vw, 300px\" \/><span class='cart-loading'><\/span><\/div><div class='inner_product_header'><div class='avia-arrow'><\/div><div class='inner_product_header_table'><div class='inner_product_header_cell'><h2 class=\"woocommerce-loop-product__title\">succo di mela &#8211; bag in box 3 litri<\/h2>\n\t<span class=\"price\"><span class=\"woocommerce-Price-amount amount\"><bdi><span class=\"woocommerce-Price-currencySymbol\">&euro;<\/span>9,00<\/bdi><\/span><\/span>\n<\/div><\/div><\/div><\/a><div class='avia_cart_buttons '><a href=\"https:\/\/labarberina.it\/?product=succo-di-mela-bag-in-box-3-litri\" data-quantity=\"1\" class=\"button wp-element-button product_type_simple\" data-product_id=\"467\" data-product_sku=\"\" aria-label=\"Read more about &ldquo;succo di mela - bag in box 3 litri&rdquo;\" rel=\"nofollow\"><span aria-hidden='true' data-av_icon='\ue859' data-av_iconfont='entypo-fontello'><\/span> Read more<\/a><a class=\"button show_details_button\" href=\"https:\/\/labarberina.it\/?product=succo-di-mela-bag-in-box-3-litri\"><span aria-hidden='true' data-av_icon='\ue84b' data-av_iconfont='entypo-fontello'><\/span>  Mostra dettagli<\/a> <span class='button-mini-delimiter'><\/span><\/div><\/div><\/li>\n<li class=\"product type-product post-446 status-publish outofstock product_cat-succhi product_tag-mela product_tag-succo has-post-thumbnail shipping-taxable purchasable product-type-simple\">\n\t<div class='inner_product main_color wrapped_style noLightbox  av-product-class-'><a href=\"https:\/\/labarberina.it\/?product=succo-di-mela-bag-in-box-5-litri\" class=\"woocommerce-LoopProduct-link woocommerce-loop-product__link\"><div class='thumbnail_container'><img loading=\"lazy\" decoding=\"async\" width=\"300\" height=\"300\" src=\"https:\/\/labarberina.it\/wp-content\/uploads\/2020\/12\/Bottega_E-Shop-ImmProd_MEla5lt-300x300.jpg\" class=\"wp-image-3102 avia-img-lazy-loading-3102 attachment-shop_catalog size-shop_catalog wp-post-image\" alt=\"\" srcset=\"https:\/\/labarberina.it\/wp-content\/uploads\/2020\/12\/Bottega_E-Shop-ImmProd_MEla5lt-300x300.jpg 300w, https:\/\/labarberina.it\/wp-content\/uploads\/2020\/12\/Bottega_E-Shop-ImmProd_MEla5lt-80x80.jpg 80w, https:\/\/labarberina.it\/wp-content\/uploads\/2020\/12\/Bottega_E-Shop-ImmProd_MEla5lt-36x36.jpg 36w, https:\/\/labarberina.it\/wp-content\/uploads\/2020\/12\/Bottega_E-Shop-ImmProd_MEla5lt-180x180.jpg 180w, https:\/\/labarberina.it\/wp-content\/uploads\/2020\/12\/Bottega_E-Shop-ImmProd_MEla5lt-100x100.jpg 100w, https:\/\/labarberina.it\/wp-content\/uploads\/2020\/12\/Bottega_E-Shop-ImmProd_MEla5lt.jpg 567w\" sizes=\"auto, (max-width: 300px) 100vw, 300px\" \/><span class='cart-loading'><\/span><\/div><div class='inner_product_header'><div class='avia-arrow'><\/div><div class='inner_product_header_table'><div class='inner_product_header_cell'><h2 class=\"woocommerce-loop-product__title\">succo di mela &#8211; bag in box 5 litri<\/h2>\n\t<span class=\"price\"><span class=\"woocommerce-Price-amount amount\"><bdi><span class=\"woocommerce-Price-currencySymbol\">&euro;<\/span>13,00<\/bdi><\/span><\/span>\n<\/div><\/div><\/div><\/a><div class='avia_cart_buttons '><a href=\"https:\/\/labarberina.it\/?product=succo-di-mela-bag-in-box-5-litri\" data-quantity=\"1\" class=\"button wp-element-button product_type_simple\" data-product_id=\"446\" data-product_sku=\"\" aria-label=\"Read more about &ldquo;succo di mela - bag in box 5 litri&rdquo;\" rel=\"nofollow\"><span aria-hidden='true' data-av_icon='\ue859' data-av_iconfont='entypo-fontello'><\/span> Read more<\/a><a class=\"button show_details_button\" href=\"https:\/\/labarberina.it\/?product=succo-di-mela-bag-in-box-5-litri\"><span aria-hidden='true' data-av_icon='\ue84b' data-av_iconfont='entypo-fontello'><\/span>  Mostra dettagli<\/a> <span class='button-mini-delimiter'><\/span><\/div><\/div><\/li>\n<li class=\"product type-product post-468 status-publish outofstock product_cat-succhi product_tag-mela product_tag-succo has-post-thumbnail shipping-taxable purchasable product-type-simple\">\n\t<div class='inner_product main_color wrapped_style noLightbox  av-product-class-'><a href=\"https:\/\/labarberina.it\/?product=succo-di-mela-confezione-4-bottiglie-di-vetro-075-litri\" class=\"woocommerce-LoopProduct-link woocommerce-loop-product__link\"><div class='thumbnail_container'><img loading=\"lazy\" decoding=\"async\" width=\"300\" height=\"300\" src=\"https:\/\/labarberina.it\/wp-content\/uploads\/2020\/12\/Bottega_E-Shop-ImmProd_MElaBott-300x300.jpg\" class=\"wp-image-3090 avia-img-lazy-loading-3090 attachment-shop_catalog size-shop_catalog wp-post-image\" alt=\"\" srcset=\"https:\/\/labarberina.it\/wp-content\/uploads\/2020\/12\/Bottega_E-Shop-ImmProd_MElaBott-300x300.jpg 300w, https:\/\/labarberina.it\/wp-content\/uploads\/2020\/12\/Bottega_E-Shop-ImmProd_MElaBott-80x80.jpg 80w, https:\/\/labarberina.it\/wp-content\/uploads\/2020\/12\/Bottega_E-Shop-ImmProd_MElaBott-36x36.jpg 36w, https:\/\/labarberina.it\/wp-content\/uploads\/2020\/12\/Bottega_E-Shop-ImmProd_MElaBott-180x180.jpg 180w, https:\/\/labarberina.it\/wp-content\/uploads\/2020\/12\/Bottega_E-Shop-ImmProd_MElaBott-100x100.jpg 100w, https:\/\/labarberina.it\/wp-content\/uploads\/2020\/12\/Bottega_E-Shop-ImmProd_MElaBott.jpg 567w\" sizes=\"auto, (max-width: 300px) 100vw, 300px\" \/><span class='cart-loading'><\/span><\/div><div class='inner_product_header'><div class='avia-arrow'><\/div><div class='inner_product_header_table'><div class='inner_product_header_cell'><h2 class=\"woocommerce-loop-product__title\">succo di mela &#8211; confezione 4 bottiglie di vetro 0,75 litri<\/h2>\n\t<span class=\"price\"><span class=\"woocommerce-Price-amount amount\"><bdi><span class=\"woocommerce-Price-currencySymbol\">&euro;<\/span>12,00<\/bdi><\/span><\/span>\n<\/div><\/div><\/div><\/a><div class='avia_cart_buttons '><a href=\"https:\/\/labarberina.it\/?product=succo-di-mela-confezione-4-bottiglie-di-vetro-075-litri\" data-quantity=\"1\" class=\"button wp-element-button product_type_simple\" data-product_id=\"468\" data-product_sku=\"\" aria-label=\"Read more about &ldquo;succo di mela - confezione 4 bottiglie di vetro 0,75 litri&rdquo;\" rel=\"nofollow\"><span aria-hidden='true' data-av_icon='\ue859' data-av_iconfont='entypo-fontello'><\/span> Read more<\/a><a class=\"button show_details_button\" href=\"https:\/\/labarberina.it\/?product=succo-di-mela-confezione-4-bottiglie-di-vetro-075-litri\"><span aria-hidden='true' data-av_icon='\ue84b' data-av_iconfont='entypo-fontello'><\/span>  Mostra dettagli<\/a> <span class='button-mini-delimiter'><\/span><\/div><\/div><\/li>\n<\/ul>\n<\/div>\n","protected":false},"excerpt":{"rendered":"<p>La MELA \u00e8 da sempre considerata un frutto particolarmente PREZIOSO PER LA NOSTRA SALUTE\u2026\u2026 e infatti il succo di mela svolge un\u2019azione benefica su diversi aspetti del nostro organismo. Di particolare importanza \u00e8 la funzione antinfiammatoria e protettiva delle pareti intestinali che rende questo preparato un eccellente coadiuvante nella digestione e nei casi di alcuni [&hellip;]<\/p>\n","protected":false},"author":2,"featured_media":2821,"comment_status":"closed","ping_status":"open","sticky":false,"template":"","format":"standard","meta":{"footnotes":""},"categories":[69],"tags":[97,56],"class_list":["post-2771","post","type-post","status-publish","format-standard","has-post-thumbnail","hentry","category-blog","tag-succo-di-mela","tag-trentino"],"yoast_head":"<!-- This site is optimized with the Yoast SEO plugin v19.10 - https:\/\/yoast.com\/wordpress\/plugins\/seo\/ -->\n<title>succo di mela - LaBarberina<\/title>\n<meta name=\"description\" content=\"succo di mela, naturale e non filtrato dal Trentino\" \/>\n<meta name=\"robots\" content=\"index, follow, max-snippet:-1, max-image-preview:large, max-video-preview:-1\" \/>\n<link rel=\"canonical\" href=\"https:\/\/labarberina.it\/?p=2771\" \/>\n<meta property=\"og:locale\" content=\"it_IT\" \/>\n<meta property=\"og:type\" content=\"article\" \/>\n<meta property=\"og:title\" content=\"succo di mela - LaBarberina\" \/>\n<meta property=\"og:description\" content=\"succo di mela, naturale e non filtrato dal Trentino\" \/>\n<meta property=\"og:url\" content=\"https:\/\/labarberina.it\/?p=2771\" \/>\n<meta property=\"og:site_name\" content=\"LaBarberina\" \/>\n<meta property=\"article:publisher\" content=\"https:\/\/www.facebook.com\/labarberina\/\" \/>\n<meta property=\"article:published_time\" content=\"2020-12-12T11:46:34+00:00\" \/>\n<meta property=\"article:modified_time\" content=\"2021-01-30T11:41:48+00:00\" \/>\n<meta property=\"og:image\" content=\"https:\/\/labarberina.it\/wp-content\/uploads\/2020\/12\/mela.jpg\" \/>\n\t<meta property=\"og:image:width\" content=\"1181\" \/>\n\t<meta property=\"og:image:height\" content=\"591\" \/>\n\t<meta property=\"og:image:type\" content=\"image\/jpeg\" \/>\n<meta name=\"author\" content=\"adm\" \/>\n<meta name=\"twitter:card\" content=\"summary_large_image\" \/>\n<meta name=\"twitter:label1\" content=\"Scritto da\" \/>\n\t<meta name=\"twitter:data1\" content=\"adm\" \/>\n\t<meta name=\"twitter:label2\" content=\"Tempo di lettura stimato\" \/>\n\t<meta name=\"twitter:data2\" content=\"2 minuti\" \/>\n<script type=\"application\/ld+json\" class=\"yoast-schema-graph\">{\"@context\":\"https:\/\/schema.org\",\"@graph\":[{\"@type\":\"Article\",\"@id\":\"https:\/\/labarberina.it\/?p=2771#article\",\"isPartOf\":{\"@id\":\"https:\/\/labarberina.it\/?p=2771\"},\"author\":{\"name\":\"adm\",\"@id\":\"http:\/\/labarberina.it\/#\/schema\/person\/ef8f123797e0e3239dd754a977601a11\"},\"headline\":\"succo di mela\",\"datePublished\":\"2020-12-12T11:46:34+00:00\",\"dateModified\":\"2021-01-30T11:41:48+00:00\",\"mainEntityOfPage\":{\"@id\":\"https:\/\/labarberina.it\/?p=2771\"},\"wordCount\":303,\"publisher\":{\"@id\":\"http:\/\/labarberina.it\/#organization\"},\"keywords\":[\"succo di mela\",\"trentino\"],\"articleSection\":[\"blog\"],\"inLanguage\":\"it-IT\"},{\"@type\":\"WebPage\",\"@id\":\"https:\/\/labarberina.it\/?p=2771\",\"url\":\"https:\/\/labarberina.it\/?p=2771\",\"name\":\"succo di mela - LaBarberina\",\"isPartOf\":{\"@id\":\"http:\/\/labarberina.it\/#website\"},\"datePublished\":\"2020-12-12T11:46:34+00:00\",\"dateModified\":\"2021-01-30T11:41:48+00:00\",\"description\":\"succo di mela, naturale e non filtrato dal Trentino\",\"breadcrumb\":{\"@id\":\"https:\/\/labarberina.it\/?p=2771#breadcrumb\"},\"inLanguage\":\"it-IT\",\"potentialAction\":[{\"@type\":\"ReadAction\",\"target\":[\"https:\/\/labarberina.it\/?p=2771\"]}]},{\"@type\":\"BreadcrumbList\",\"@id\":\"https:\/\/labarberina.it\/?p=2771#breadcrumb\",\"itemListElement\":[{\"@type\":\"ListItem\",\"position\":1,\"name\":\"Home\",\"item\":\"http:\/\/labarberina.it\/\"},{\"@type\":\"ListItem\",\"position\":2,\"name\":\"succo di mela\"}]},{\"@type\":\"WebSite\",\"@id\":\"http:\/\/labarberina.it\/#website\",\"url\":\"http:\/\/labarberina.it\/\",\"name\":\"LaBarberina\",\"description\":\"agricoltura naturale e ospitalit\u00e0 contadina\",\"publisher\":{\"@id\":\"http:\/\/labarberina.it\/#organization\"},\"potentialAction\":[{\"@type\":\"SearchAction\",\"target\":{\"@type\":\"EntryPoint\",\"urlTemplate\":\"http:\/\/labarberina.it\/?s={search_term_string}\"},\"query-input\":\"required name=search_term_string\"}],\"inLanguage\":\"it-IT\"},{\"@type\":\"Organization\",\"@id\":\"http:\/\/labarberina.it\/#organization\",\"name\":\"azienda agricola la barberina\",\"url\":\"http:\/\/labarberina.it\/\",\"logo\":{\"@type\":\"ImageObject\",\"inLanguage\":\"it-IT\",\"@id\":\"http:\/\/labarberina.it\/#\/schema\/logo\/image\/\",\"url\":\"https:\/\/labarberina.it\/wp-content\/uploads\/2020\/12\/LogoBarberina_Linguetta01.jpg\",\"contentUrl\":\"https:\/\/labarberina.it\/wp-content\/uploads\/2020\/12\/LogoBarberina_Linguetta01.jpg\",\"width\":1634,\"height\":1333,\"caption\":\"azienda agricola la barberina\"},\"image\":{\"@id\":\"http:\/\/labarberina.it\/#\/schema\/logo\/image\/\"},\"sameAs\":[\"https:\/\/www.instagram.com\/la_barberina\/\",\"https:\/\/www.facebook.com\/labarberina\/\"]},{\"@type\":\"Person\",\"@id\":\"http:\/\/labarberina.it\/#\/schema\/person\/ef8f123797e0e3239dd754a977601a11\",\"name\":\"adm\",\"image\":{\"@type\":\"ImageObject\",\"inLanguage\":\"it-IT\",\"@id\":\"http:\/\/labarberina.it\/#\/schema\/person\/image\/\",\"url\":\"https:\/\/secure.gravatar.com\/avatar\/?s=96&d=mm&r=g\",\"contentUrl\":\"https:\/\/secure.gravatar.com\/avatar\/?s=96&d=mm&r=g\",\"caption\":\"adm\"}}]}<\/script>\n<!-- \/ Yoast SEO plugin. -->","yoast_head_json":{"title":"succo di mela - LaBarberina","description":"succo di mela, naturale e non filtrato dal Trentino","robots":{"index":"index","follow":"follow","max-snippet":"max-snippet:-1","max-image-preview":"max-image-preview:large","max-video-preview":"max-video-preview:-1"},"canonical":"https:\/\/labarberina.it\/?p=2771","og_locale":"it_IT","og_type":"article","og_title":"succo di mela - LaBarberina","og_description":"succo di mela, naturale e non filtrato dal Trentino","og_url":"https:\/\/labarberina.it\/?p=2771","og_site_name":"LaBarberina","article_publisher":"https:\/\/www.facebook.com\/labarberina\/","article_published_time":"2020-12-12T11:46:34+00:00","article_modified_time":"2021-01-30T11:41:48+00:00","og_image":[{"width":1181,"height":591,"url":"https:\/\/labarberina.it\/wp-content\/uploads\/2020\/12\/mela.jpg","type":"image\/jpeg"}],"author":"adm","twitter_card":"summary_large_image","twitter_misc":{"Scritto da":"adm","Tempo di lettura stimato":"2 minuti"},"schema":{"@context":"https:\/\/schema.org","@graph":[{"@type":"Article","@id":"https:\/\/labarberina.it\/?p=2771#article","isPartOf":{"@id":"https:\/\/labarberina.it\/?p=2771"},"author":{"name":"adm","@id":"http:\/\/labarberina.it\/#\/schema\/person\/ef8f123797e0e3239dd754a977601a11"},"headline":"succo di mela","datePublished":"2020-12-12T11:46:34+00:00","dateModified":"2021-01-30T11:41:48+00:00","mainEntityOfPage":{"@id":"https:\/\/labarberina.it\/?p=2771"},"wordCount":303,"publisher":{"@id":"http:\/\/labarberina.it\/#organization"},"keywords":["succo di mela","trentino"],"articleSection":["blog"],"inLanguage":"it-IT"},{"@type":"WebPage","@id":"https:\/\/labarberina.it\/?p=2771","url":"https:\/\/labarberina.it\/?p=2771","name":"succo di mela - LaBarberina","isPartOf":{"@id":"http:\/\/labarberina.it\/#website"},"datePublished":"2020-12-12T11:46:34+00:00","dateModified":"2021-01-30T11:41:48+00:00","description":"succo di mela, naturale e non filtrato dal Trentino","breadcrumb":{"@id":"https:\/\/labarberina.it\/?p=2771#breadcrumb"},"inLanguage":"it-IT","potentialAction":[{"@type":"ReadAction","target":["https:\/\/labarberina.it\/?p=2771"]}]},{"@type":"BreadcrumbList","@id":"https:\/\/labarberina.it\/?p=2771#breadcrumb","itemListElement":[{"@type":"ListItem","position":1,"name":"Home","item":"http:\/\/labarberina.it\/"},{"@type":"ListItem","position":2,"name":"succo di mela"}]},{"@type":"WebSite","@id":"http:\/\/labarberina.it\/#website","url":"http:\/\/labarberina.it\/","name":"LaBarberina","description":"agricoltura naturale e ospitalit\u00e0 contadina","publisher":{"@id":"http:\/\/labarberina.it\/#organization"},"potentialAction":[{"@type":"SearchAction","target":{"@type":"EntryPoint","urlTemplate":"http:\/\/labarberina.it\/?s={search_term_string}"},"query-input":"required name=search_term_string"}],"inLanguage":"it-IT"},{"@type":"Organization","@id":"http:\/\/labarberina.it\/#organization","name":"azienda agricola la barberina","url":"http:\/\/labarberina.it\/","logo":{"@type":"ImageObject","inLanguage":"it-IT","@id":"http:\/\/labarberina.it\/#\/schema\/logo\/image\/","url":"https:\/\/labarberina.it\/wp-content\/uploads\/2020\/12\/LogoBarberina_Linguetta01.jpg","contentUrl":"https:\/\/labarberina.it\/wp-content\/uploads\/2020\/12\/LogoBarberina_Linguetta01.jpg","width":1634,"height":1333,"caption":"azienda agricola la barberina"},"image":{"@id":"http:\/\/labarberina.it\/#\/schema\/logo\/image\/"},"sameAs":["https:\/\/www.instagram.com\/la_barberina\/","https:\/\/www.facebook.com\/labarberina\/"]},{"@type":"Person","@id":"http:\/\/labarberina.it\/#\/schema\/person\/ef8f123797e0e3239dd754a977601a11","name":"adm","image":{"@type":"ImageObject","inLanguage":"it-IT","@id":"http:\/\/labarberina.it\/#\/schema\/person\/image\/","url":"https:\/\/secure.gravatar.com\/avatar\/?s=96&d=mm&r=g","contentUrl":"https:\/\/secure.gravatar.com\/avatar\/?s=96&d=mm&r=g","caption":"adm"}}]}},"jetpack_featured_media_url":"https:\/\/labarberina.it\/wp-content\/uploads\/2020\/12\/mela.jpg","_links":{"self":[{"href":"https:\/\/labarberina.it\/index.php?rest_route=\/wp\/v2\/posts\/2771","targetHints":{"allow":["GET"]}}],"collection":[{"href":"https:\/\/labarberina.it\/index.php?rest_route=\/wp\/v2\/posts"}],"about":[{"href":"https:\/\/labarberina.it\/index.php?rest_route=\/wp\/v2\/types\/post"}],"author":[{"embeddable":true,"href":"https:\/\/labarberina.it\/index.php?rest_route=\/wp\/v2\/users\/2"}],"replies":[{"embeddable":true,"href":"https:\/\/labarberina.it\/index.php?rest_route=%2Fwp%2Fv2%2Fcomments&post=2771"}],"version-history":[{"count":7,"href":"https:\/\/labarberina.it\/index.php?rest_route=\/wp\/v2\/posts\/2771\/revisions"}],"predecessor-version":[{"id":3145,"href":"https:\/\/labarberina.it\/index.php?rest_route=\/wp\/v2\/posts\/2771\/revisions\/3145"}],"wp:featuredmedia":[{"embeddable":true,"href":"https:\/\/labarberina.it\/index.php?rest_route=\/wp\/v2\/media\/2821"}],"wp:attachment":[{"href":"https:\/\/labarberina.it\/index.php?rest_route=%2Fwp%2Fv2%2Fmedia&parent=2771"}],"wp:term":[{"taxonomy":"category","embeddable":true,"href":"https:\/\/labarberina.it\/index.php?rest_route=%2Fwp%2Fv2%2Fcategories&post=2771"},{"taxonomy":"post_tag","embeddable":true,"href":"https:\/\/labarberina.it\/index.php?rest_route=%2Fwp%2Fv2%2Ftags&post=2771"}],"curies":[{"name":"wp","href":"https:\/\/api.w.org\/{rel}","templated":true}]}}